{"id":297,"date":"2022-02-17T16:46:24","date_gmt":"2022-02-17T15:46:24","guid":{"rendered":"https:\/\/artemys.de\/kunstgeschichten\/?p=297"},"modified":"2025-03-17T17:10:57","modified_gmt":"2025-03-17T16:10:57","slug":"seehund","status":"publish","type":"post","link":"https:\/\/artemys.de\/kunstgeschichten\/seehund\/","title":{"rendered":"Eine Seehundgeschichte"},"content":{"rendered":"\n<blockquote>\n<p><img loading=\"lazy\" decoding=\"async\" class=\"alignleft wp-image-298 size-large\" src=\"https:\/\/artemys.de\/kunstgeschichten\/wp-content\/uploads\/2022\/02\/cover-e1645112086219-1020x1024.png\" alt=\"&quot;Bidos Abenteuer im Rhein&quot; ein Kinderbuch f\u00fcr Erstleser\" width=\"678\" height=\"681\" srcset=\"https:\/\/artemys.de\/kunstgeschichten\/wp-content\/uploads\/2022\/02\/cover-e1645112086219-1020x1024.png 1020w, https:\/\/artemys.de\/kunstgeschichten\/wp-content\/uploads\/2022\/02\/cover-e1645112086219-300x300.png 300w, https:\/\/artemys.de\/kunstgeschichten\/wp-content\/uploads\/2022\/02\/cover-e1645112086219-150x150.png 150w, https:\/\/artemys.de\/kunstgeschichten\/wp-content\/uploads\/2022\/02\/cover-e1645112086219-768x771.png 768w, https:\/\/artemys.de\/kunstgeschichten\/wp-content\/uploads\/2022\/02\/cover-e1645112086219.png 1395w\" sizes=\"auto, (max-width: 678px) 100vw, 678px\" \/><\/p>\n<p>Im Februar 2020 wurde ein Seehund im Rhein bei Krefeld gesichtet. Da wir kurz darauf viel Zeit zu hause verbringen mussten, weil sich in der Welt ein neuer, gef\u00e4hrlicher Virus ausbreitete, kam mir die Idee zu dieser Bildergeschichte.<\/p>\n<\/blockquote>\n\n\n\n<p>Ein Kinderbuch f\u00fcr Erstleser, 36 Seiten, 19 gr\u00f6\u00dftenteils doppelseitige Illustrationen. 20,5 x 20,5 cm und im Anhang ist ein Bild und Platz um die Geschichte weiter zu erz\u00e4hlen.<\/p>\n\n\n\n<p><a rel=\"noreferrer noopener\" href=\"https:\/\/www.epubli.com\/shop\/bidos-abenteuer-im-rhein-9783754951163\" target=\"_blank\">zum Buch im Epubli-Shop<\/a> (Hardcover, 31,99 \u20ac; ISBN: 9783754951163)<br><a rel=\"noreferrer noopener\" href=\"https:\/\/www.epubli.com\/shop\/bidos-abenteuer-im-rhein-9783754960066\" target=\"_blank\">zum Buch im Epubli-Shop<\/a> (Softcover, 24,99 \u20ac; ISBN: 9783754960066)<\/p>\n","protected":false},"excerpt":{"rendered":"<p>Ein Kinderbuch f\u00fcr Erstleser, 36 Seiten, 19 gr\u00f6\u00dftenteils doppelseitige Illustrationen. <a class=\"more-link\" href=\"https:\/\/artemys.de\/kunstgeschichten\/seehund\/\">weiterlesen \u2192<\/a><\/p>\n","protected":false},"author":1,"featured_media":298,"comment_status":"closed","ping_status":"closed","sticky":false,"template":"","format":"aside","meta":{"footnotes":""},"categories":[28,30],"tags":[35,36,8,37],"class_list":["post-297","post","type-post","status-publish","format-aside","has-post-thumbnail","hentry","category-aktuell","category-werbung","tag-buch","tag-illustration","tag-kurzgeschichte","tag-veroeffentlichung","post_format-post-format-aside"],"_links":{"self":[{"href":"https:\/\/artemys.de\/kunstgeschichten\/wp-json\/wp\/v2\/posts\/297","targetHints":{"allow":["GET"]}}],"collection":[{"href":"https:\/\/artemys.de\/kunstgeschichten\/wp-json\/wp\/v2\/posts"}],"about":[{"href":"https:\/\/artemys.de\/kunstgeschichten\/wp-json\/wp\/v2\/types\/post"}],"author":[{"embeddable":true,"href":"https:\/\/artemys.de\/kunstgeschichten\/wp-json\/wp\/v2\/users\/1"}],"replies":[{"embeddable":true,"href":"https:\/\/artemys.de\/kunstgeschichten\/wp-json\/wp\/v2\/comments?post=297"}],"version-history":[{"count":11,"href":"https:\/\/artemys.de\/kunstgeschichten\/wp-json\/wp\/v2\/posts\/297\/revisions"}],"predecessor-version":[{"id":345,"href":"https:\/\/artemys.de\/kunstgeschichten\/wp-json\/wp\/v2\/posts\/297\/revisions\/345"}],"wp:featuredmedia":[{"embeddable":true,"href":"https:\/\/artemys.de\/kunstgeschichten\/wp-json\/wp\/v2\/media\/298"}],"wp:attachment":[{"href":"https:\/\/artemys.de\/kunstgeschichten\/wp-json\/wp\/v2\/media?parent=297"}],"wp:term":[{"taxonomy":"category","embeddable":true,"href":"https:\/\/artemys.de\/kunstgeschichten\/wp-json\/wp\/v2\/categories?post=297"},{"taxonomy":"post_tag","embeddable":true,"href":"https:\/\/artemys.de\/kunstgeschichten\/wp-json\/wp\/v2\/tags?post=297"}],"curies":[{"name":"wp","href":"https:\/\/api.w.org\/{rel}","templated":true}]}}