{"id":172,"date":"2017-09-03T21:42:11","date_gmt":"2017-09-03T19:42:11","guid":{"rendered":"https:\/\/artemys.de\/kunstgeschichten\/?p=172"},"modified":"2017-09-05T12:56:07","modified_gmt":"2017-09-05T10:56:07","slug":"grenzwerte-limites-september-2009-in-den-anciennes-ecuries-in-roncq","status":"publish","type":"post","link":"https:\/\/artemys.de\/kunstgeschichten\/grenzwerte-limites-september-2009-in-den-anciennes-ecuries-in-roncq\/","title":{"rendered":"&#8222;Grenzwerte \/ Limites&#8220; September 2009, Roncq"},"content":{"rendered":"<p><a href=\"https:\/\/artemys.de\/kunstgeschichten\/wp-content\/uploads\/2017\/09\/Bild00.jpg\"><img loading=\"lazy\" decoding=\"async\" class=\"wp-image-174 size-medium alignnone\" title=\"Anciennes Ecuries in Roncq\" src=\"https:\/\/artemys.de\/kunstgeschichten\/wp-content\/uploads\/2017\/09\/Bild00-300x175.jpg\" alt=\"Anciennes Ecuries in Roncq\" width=\"300\" height=\"175\" srcset=\"https:\/\/artemys.de\/kunstgeschichten\/wp-content\/uploads\/2017\/09\/Bild00-300x175.jpg 300w, https:\/\/artemys.de\/kunstgeschichten\/wp-content\/uploads\/2017\/09\/Bild00.jpg 600w\" sizes=\"auto, (max-width: 300px) 100vw, 300px\" \/><\/a><\/p>\n<p>Vom 11. bis 27. September lief meine Ausstellung \u201eGrenzwerte\u201c in den &#8222;Anciennes Ecuries&#8220; in Roncq (Vorort von Lille\/Nordfrankreich).<\/p>\n<p><a href=\"https:\/\/artemys.de\/kunstgeschichten\/wp-content\/uploads\/2017\/09\/Grenzwerte.pdf\"><img loading=\"lazy\" decoding=\"async\" class=\"alignleft wp-image-191 size-full\" title=\"Begleitheft zur Ausstellung Grenzwerte\" src=\"https:\/\/artemys.de\/kunstgeschichten\/wp-content\/uploads\/2017\/09\/Grenzwerte.jpg\" alt=\"Begleitheft zur Ausstellung Grenzwerte\" width=\"105\" height=\"150\" \/><\/a> Wir (die Menschen) legen immer neue Grenzen\/Grenzwerte fest, die nicht \u00fcberschritten werden sollen. Dies gilt insbesondere f\u00fcr die von uns verursachten Immissionen. So oft wir diese festlegen, so oft \u00fcberschreiten wir sie auch wieder!<\/p>\n<p>Irgendwann \u00fcberschreiten wir eine zu viel. Dann erreichen wir den Punkt \u201eof no return\u201c.<\/p>\n<p>Begleitheft zur Ausstellung: <a href=\"https:\/\/artemys.de\/kunstgeschichten\/wp-content\/uploads\/2017\/09\/Grenzwerte.pdf\" target=\"_blank\" rel=\"noopener\">als Download<\/a><\/p>\n<hr \/>\n<p><strong>Ausstellung:<\/strong><\/p>\n\n\t\t<style type=\"text\/css\">\n\t\t\t#gallery-1 {\n\t\t\t\tmargin: auto;\n\t\t\t}\n\t\t\t#gallery-1 .gallery-item {\n\t\t\t\tfloat: left;\n\t\t\t\tmargin-top: 10px;\n\t\t\t\ttext-align: center;\n\t\t\t\twidth: 16%;\n\t\t\t}\n\t\t\t#gallery-1 img {\n\t\t\t\tborder: 2px solid #cfcfcf;\n\t\t\t}\n\t\t\t#gallery-1 .gallery-caption {\n\t\t\t\tmargin-left: 0;\n\t\t\t}\n\t\t\t\/* see gallery_shortcode() in wp-includes\/media.php *\/\n\t\t<\/style>\n\t\t<div id='gallery-1' class='gallery galleryid-172 gallery-columns-6 gallery-size-thumbnail'><dl class='gallery-item'>\n\t\t\t<dt class='gallery-icon landscape'>\n\t\t\t\t<a href='https:\/\/artemys.de\/kunstgeschichten\/wp-content\/uploads\/2017\/09\/Bild01.jpg'><img loading=\"lazy\" decoding=\"async\" width=\"150\" height=\"150\" src=\"https:\/\/artemys.de\/kunstgeschichten\/wp-content\/uploads\/2017\/09\/Bild01-150x150.jpg\" class=\"attachment-thumbnail size-thumbnail\" alt=\"Ausstellungsaufbau in Roncq\" \/><\/a>\n\t\t\t<\/dt><\/dl><dl class='gallery-item'>\n\t\t\t<dt class='gallery-icon landscape'>\n\t\t\t\t<a href='https:\/\/artemys.de\/kunstgeschichten\/wp-content\/uploads\/2017\/09\/Bild02.jpg'><img loading=\"lazy\" decoding=\"async\" width=\"150\" height=\"150\" src=\"https:\/\/artemys.de\/kunstgeschichten\/wp-content\/uploads\/2017\/09\/Bild02-150x150.jpg\" class=\"attachment-thumbnail size-thumbnail\" alt=\"Ausstellungsaufbau in Roncq\" \/><\/a>\n\t\t\t<\/dt><\/dl><dl class='gallery-item'>\n\t\t\t<dt class='gallery-icon landscape'>\n\t\t\t\t<a href='https:\/\/artemys.de\/kunstgeschichten\/wp-content\/uploads\/2017\/09\/Bild10.jpg'><img loading=\"lazy\" decoding=\"async\" width=\"150\" height=\"150\" src=\"https:\/\/artemys.de\/kunstgeschichten\/wp-content\/uploads\/2017\/09\/Bild10-150x150.jpg\" class=\"attachment-thumbnail size-thumbnail\" alt=\"Vernissage, Ausstellung Grenzwerte, Roncq\" \/><\/a>\n\t\t\t<\/dt><\/dl><dl class='gallery-item'>\n\t\t\t<dt class='gallery-icon landscape'>\n\t\t\t\t<a href='https:\/\/artemys.de\/kunstgeschichten\/wp-content\/uploads\/2017\/09\/Bild12.jpg'><img loading=\"lazy\" decoding=\"async\" width=\"150\" height=\"150\" src=\"https:\/\/artemys.de\/kunstgeschichten\/wp-content\/uploads\/2017\/09\/Bild12-150x150.jpg\" class=\"attachment-thumbnail size-thumbnail\" alt=\"Vernissage, Ausstellung Grenzwerte, Roncq\" \/><\/a>\n\t\t\t<\/dt><\/dl><dl class='gallery-item'>\n\t\t\t<dt class='gallery-icon landscape'>\n\t\t\t\t<a href='https:\/\/artemys.de\/kunstgeschichten\/wp-content\/uploads\/2017\/09\/Bild03.jpg'><img loading=\"lazy\" decoding=\"async\" width=\"150\" height=\"150\" src=\"https:\/\/artemys.de\/kunstgeschichten\/wp-content\/uploads\/2017\/09\/Bild03-150x150.jpg\" class=\"attachment-thumbnail size-thumbnail\" alt=\"Vernissage, Ausstellung Grenzwerte, Roncq\" \/><\/a>\n\t\t\t<\/dt><\/dl><dl class='gallery-item'>\n\t\t\t<dt class='gallery-icon landscape'>\n\t\t\t\t<a href='https:\/\/artemys.de\/kunstgeschichten\/wp-content\/uploads\/2017\/09\/Bild04.jpg'><img loading=\"lazy\" decoding=\"async\" width=\"150\" height=\"150\" src=\"https:\/\/artemys.de\/kunstgeschichten\/wp-content\/uploads\/2017\/09\/Bild04-150x150.jpg\" class=\"attachment-thumbnail size-thumbnail\" alt=\"Vernissage, Ausstellung Grenzwerte, Roncq\" \/><\/a>\n\t\t\t<\/dt><\/dl><br style=\"clear: both\" \/><dl class='gallery-item'>\n\t\t\t<dt class='gallery-icon landscape'>\n\t\t\t\t<a href='https:\/\/artemys.de\/kunstgeschichten\/wp-content\/uploads\/2017\/09\/Bild05.jpg'><img loading=\"lazy\" decoding=\"async\" width=\"150\" height=\"150\" src=\"https:\/\/artemys.de\/kunstgeschichten\/wp-content\/uploads\/2017\/09\/Bild05-150x150.jpg\" class=\"attachment-thumbnail size-thumbnail\" alt=\"Vernissage, Ausstellung Grenzwerte, Roncq\" \/><\/a>\n\t\t\t<\/dt><\/dl><dl class='gallery-item'>\n\t\t\t<dt class='gallery-icon landscape'>\n\t\t\t\t<a href='https:\/\/artemys.de\/kunstgeschichten\/wp-content\/uploads\/2017\/09\/Bild06.jpg'><img loading=\"lazy\" decoding=\"async\" width=\"150\" height=\"150\" src=\"https:\/\/artemys.de\/kunstgeschichten\/wp-content\/uploads\/2017\/09\/Bild06-150x150.jpg\" class=\"attachment-thumbnail size-thumbnail\" alt=\"Vernissage, Ausstellung Grenzwerte, Roncq\" \/><\/a>\n\t\t\t<\/dt><\/dl><dl class='gallery-item'>\n\t\t\t<dt class='gallery-icon landscape'>\n\t\t\t\t<a href='https:\/\/artemys.de\/kunstgeschichten\/wp-content\/uploads\/2017\/09\/Bild07.jpg'><img loading=\"lazy\" decoding=\"async\" width=\"150\" height=\"150\" src=\"https:\/\/artemys.de\/kunstgeschichten\/wp-content\/uploads\/2017\/09\/Bild07-150x150.jpg\" class=\"attachment-thumbnail size-thumbnail\" alt=\"Vernissage, Ausstellung Grenzwerte, Roncq\" \/><\/a>\n\t\t\t<\/dt><\/dl><dl class='gallery-item'>\n\t\t\t<dt class='gallery-icon landscape'>\n\t\t\t\t<a href='https:\/\/artemys.de\/kunstgeschichten\/wp-content\/uploads\/2017\/09\/Bild08.jpg'><img loading=\"lazy\" decoding=\"async\" width=\"150\" height=\"150\" src=\"https:\/\/artemys.de\/kunstgeschichten\/wp-content\/uploads\/2017\/09\/Bild08-150x150.jpg\" class=\"attachment-thumbnail size-thumbnail\" alt=\"Vernissage, Ausstellung Grenzwerte, Roncq\" \/><\/a>\n\t\t\t<\/dt><\/dl><dl class='gallery-item'>\n\t\t\t<dt class='gallery-icon landscape'>\n\t\t\t\t<a href='https:\/\/artemys.de\/kunstgeschichten\/wp-content\/uploads\/2017\/09\/Bild09.jpg'><img loading=\"lazy\" decoding=\"async\" width=\"150\" height=\"150\" src=\"https:\/\/artemys.de\/kunstgeschichten\/wp-content\/uploads\/2017\/09\/Bild09-150x150.jpg\" class=\"attachment-thumbnail size-thumbnail\" alt=\"Vernissage, Ausstellung Grenzwerte, Roncq\" \/><\/a>\n\t\t\t<\/dt><\/dl><dl class='gallery-item'>\n\t\t\t<dt class='gallery-icon landscape'>\n\t\t\t\t<a href='https:\/\/artemys.de\/kunstgeschichten\/wp-content\/uploads\/2017\/09\/Bild14.jpg'><img loading=\"lazy\" decoding=\"async\" width=\"150\" height=\"150\" src=\"https:\/\/artemys.de\/kunstgeschichten\/wp-content\/uploads\/2017\/09\/Bild14-150x150.jpg\" class=\"attachment-thumbnail size-thumbnail\" alt=\"Vernissage, Ausstellung Grenzwerte, Roncq\" \/><\/a>\n\t\t\t<\/dt><\/dl><br style=\"clear: both\" \/>\n\t\t<\/div>\n\n<hr \/>\n<p><strong>Presseartikel:<\/strong><\/p>\n<p><a href=\"https:\/\/artemys.de\/kunstgeschichten\/wp-content\/uploads\/2017\/09\/RP-28-8-09.pdf\"><img loading=\"lazy\" decoding=\"async\" class=\"alignright wp-image-214 size-medium\" title=\"RP Artikel im Vorfeld der Ausstellung Grenzwerte in Roncq\" src=\"https:\/\/artemys.de\/kunstgeschichten\/wp-content\/uploads\/2017\/09\/RP-28-08-09-257x300.jpg\" alt=\"RP Artikel\" width=\"257\" height=\"300\" srcset=\"https:\/\/artemys.de\/kunstgeschichten\/wp-content\/uploads\/2017\/09\/RP-28-08-09-257x300.jpg 257w, https:\/\/artemys.de\/kunstgeschichten\/wp-content\/uploads\/2017\/09\/RP-28-08-09.jpg 300w\" sizes=\"auto, (max-width: 257px) 100vw, 257px\" \/><\/a>Rheinische Post, 28. August 2016<br \/>\nvon Christian Heidrich<\/p>\n<blockquote><p>Malen ist ihre Welt<\/p><\/blockquote>\n<p><a href=\"https:\/\/artemys.de\/kunstgeschichten\/wp-content\/uploads\/2017\/09\/RP-28-8-09.pdf\" target=\"_blank\" rel=\"noopener\">zum Artikel &gt;&gt;&gt;<\/a><\/p>\n<p>&nbsp;<\/p>\n<p>&nbsp;<\/p>\n<p>&nbsp;<\/p>\n<hr \/>\n<p><a href=\"https:\/\/artemys.de\/kunstgeschichten\/wp-content\/uploads\/2017\/09\/17-septembre_1.jpg\" target=\"_blank\" rel=\"noopener\"><img loading=\"lazy\" decoding=\"async\" class=\"alignright wp-image-213 size-medium\" title=\"franz\u00f6s. Zeitungsartikel zur Ausstellung in Roncq\" src=\"https:\/\/artemys.de\/kunstgeschichten\/wp-content\/uploads\/2017\/09\/17-septembre_1-300x247.jpg\" alt=\"franz\u00f6s. Zeitungsartikel zur Ausstellung in Roncq\" width=\"300\" height=\"247\" srcset=\"https:\/\/artemys.de\/kunstgeschichten\/wp-content\/uploads\/2017\/09\/17-septembre_1-300x247.jpg 300w, https:\/\/artemys.de\/kunstgeschichten\/wp-content\/uploads\/2017\/09\/17-septembre_1.jpg 600w\" sizes=\"auto, (max-width: 300px) 100vw, 300px\" \/><\/a>September 2009 (\u00f6rtliche Presse\/Roncq)<\/p>\n<pre>\u00dcbersetzung:<\/pre>\n<blockquote><p>Angela Richter stellt in Anciennes \u00c9curies aus<\/p><\/blockquote>\n<p>Geboren 1957 in Bremen, malt sie schon von Jugend an. \u00d6l und Acryl sind ihr vertraut.<\/p>\n<p>Wohnhaft in Willich, Partnerstadt von Linselles, l\u00e4sst sie die Roncqois (Einwohner von Roncq) und &#8230; die Linsellois (Einwohner von Linselles) von ihrer Kunst profitieren, mittels ihrer Bilder wo symbolisch die Zukunft des Menschen von der Natur getrennt ist.<\/p>\n<p>W\u00e4hrend der Vernissage, letzten Freitag, hie\u00df B\u00fcrgermeister Vincent Ledoux in Gegenwart der Repr\u00e4sentanten von Willich und der Damen Desmar\u00e9caux und Dhulu, gew\u00e4hlte Linsellois, die K\u00fcnstlerin willkommen.<\/p>\n<hr \/>\n<p><a href=\"https:\/\/artemys.de\/kunstgeschichten\/wp-content\/uploads\/2017\/09\/17-septembre_2.jpg\" target=\"_blank\" rel=\"noopener\"><img loading=\"lazy\" decoding=\"async\" class=\"alignright wp-image-226 size-medium\" title=\"franz\u00f6s. Zeitungsartikel zur Ausstellung in Roncq\" src=\"https:\/\/artemys.de\/kunstgeschichten\/wp-content\/uploads\/2017\/09\/17-septembre_2-173x300.jpg\" alt=\"Presseartikel, Roncq\" width=\"173\" height=\"300\" srcset=\"https:\/\/artemys.de\/kunstgeschichten\/wp-content\/uploads\/2017\/09\/17-septembre_2-173x300.jpg 173w, https:\/\/artemys.de\/kunstgeschichten\/wp-content\/uploads\/2017\/09\/17-septembre_2.jpg 300w\" sizes=\"auto, (max-width: 173px) 100vw, 173px\" \/><\/a>September 2009 (\u00f6rtliche Presse\/Roncq)<\/p>\n<pre>\u00dcbersetzung:<\/pre>\n<blockquote><p>Wird es in einer unwirtlichen Welt noch eine Menschheit geben?<\/p><\/blockquote>\n<p>Die Kultur hat keine Grenzen. Vor allem wenn St\u00e4dte sie in ihren Beziehungen pflegen und vertiefen. Das ist der Fall bei der Nachbarstadt von Roncq: Linselles, Partnerstadt seid vielen Jahren von Willich woher Angela Richter kommt.<\/p>\n<p>Im Zusammenhang des interkommunalen und internationalen Austausches, ehrte Roncq Angela Richter auf der Vernissage ihrer Ausstellung in den Anciennes Ecuries in Gegenwart des B\u00fcrgermeisters Vincent Ledoux.<\/p>\n<p>Geboren 1957 in Bremen, malt und zeichnet Angela Richter seit ihrer Kindheit. Ausgebildet als technische Zeichnerin widmet sie sich zun\u00e4chst autodidaktisch der Kunst. Angela Richter verwendet lebhafte Farben. Ihre Bilder zeigen oft eine surrealistische Welt. Ihr Werk l\u00e4dt ein zu einer Phantasie-Reise in ein eigenartiges Universum. F\u00fcr diese Ausstellung \u201eLimites\u201c (Grenzwerte) artikulieren ihre Bilder Gedanken und Mahnungen. <em>\u201eJedes Jahr sterben mehr als 11.000 Tier- und Pflanzenarten aus. Wird es in einer unwirtlichen Welt noch eine Menschheit geben?&#8220;<\/em><\/p>\n<p>&nbsp;<\/p>\n","protected":false},"excerpt":{"rendered":"<p>Vom 11. bis 27. September lief meine Ausstellung \u201eGrenzwerte\u201c in den &#8222;Anciennes Ecuries&#8220; in Roncq (Vorort von Lille\/Nordfrankreich). Wir (die Menschen) legen immer neue Grenzen\/Grenzwerte fest, die nicht \u00fcberschritten werden sollen. Dies gilt insbesondere f\u00fcr die von uns verursachten Immissionen. <a class=\"more-link\" href=\"https:\/\/artemys.de\/kunstgeschichten\/grenzwerte-limites-september-2009-in-den-anciennes-ecuries-in-roncq\/\">weiterlesen \u2192<\/a><\/p>\n","protected":false},"author":1,"featured_media":174,"comment_status":"closed","ping_status":"closed","sticky":false,"template":"","format":"standard","meta":{"footnotes":""},"categories":[24],"tags":[],"class_list":["post-172","post","type-post","status-publish","format-standard","has-post-thumbnail","hentry","category-ausstellung"],"_links":{"self":[{"href":"https:\/\/artemys.de\/kunstgeschichten\/wp-json\/wp\/v2\/posts\/172","targetHints":{"allow":["GET"]}}],"collection":[{"href":"https:\/\/artemys.de\/kunstgeschichten\/wp-json\/wp\/v2\/posts"}],"about":[{"href":"https:\/\/artemys.de\/kunstgeschichten\/wp-json\/wp\/v2\/types\/post"}],"author":[{"embeddable":true,"href":"https:\/\/artemys.de\/kunstgeschichten\/wp-json\/wp\/v2\/users\/1"}],"replies":[{"embeddable":true,"href":"https:\/\/artemys.de\/kunstgeschichten\/wp-json\/wp\/v2\/comments?post=172"}],"version-history":[{"count":8,"href":"https:\/\/artemys.de\/kunstgeschichten\/wp-json\/wp\/v2\/posts\/172\/revisions"}],"predecessor-version":[{"id":228,"href":"https:\/\/artemys.de\/kunstgeschichten\/wp-json\/wp\/v2\/posts\/172\/revisions\/228"}],"wp:featuredmedia":[{"embeddable":true,"href":"https:\/\/artemys.de\/kunstgeschichten\/wp-json\/wp\/v2\/media\/174"}],"wp:attachment":[{"href":"https:\/\/artemys.de\/kunstgeschichten\/wp-json\/wp\/v2\/media?parent=172"}],"wp:term":[{"taxonomy":"category","embeddable":true,"href":"https:\/\/artemys.de\/kunstgeschichten\/wp-json\/wp\/v2\/categories?post=172"},{"taxonomy":"post_tag","embeddable":true,"href":"https:\/\/artemys.de\/kunstgeschichten\/wp-json\/wp\/v2\/tags?post=172"}],"curies":[{"name":"wp","href":"https:\/\/api.w.org\/{rel}","templated":true}]}}